{"headers": {"id": "ID", "ano": "Ano", "numero": "N\u00famero", "tipo__sigla": "Tipo Documento/Sigla", "tipo__descricao": "Tipo Documento/Descri\u00e7\u00e3o", "assunto": "Assunto"}, "results": [{"id": "13", "ano": "2023", "numero": "1", "tipo__sigla": "PP", "tipo__descricao": "Presen\u00e7a dos Parlamentares", "assunto": "Frequ\u00eancia - 1\u00aa Sess\u00e3o Ordin\u00e1ria - Fevereiro 2023"}, {"id": "14", "ano": "2023", "numero": "2", "tipo__sigla": "PP", "tipo__descricao": "Presen\u00e7a dos Parlamentares", "assunto": "Frequ\u00eancia - 2\u00aa Sess\u00e3o Ordin\u00e1ria - Fevereiro 2023"}, {"id": "16", "ano": "2023", "numero": "3", "tipo__sigla": "PP", "tipo__descricao": "Presen\u00e7a dos Parlamentares", "assunto": "Frequ\u00eancia - 3\u00aa Sess\u00e3o Ordin\u00e1ria - Fevereiro 2023"}, {"id": "25", "ano": "2023", "numero": "4", "tipo__sigla": "PP", "tipo__descricao": "Presen\u00e7a dos Parlamentares", "assunto": "Frequ\u00eancia - 1\u00aa Sess\u00e3o Ordin\u00e1ria - Mar\u00e7o 2023"}, {"id": "29", "ano": "2023", "numero": "5", "tipo__sigla": "PP", "tipo__descricao": "Presen\u00e7a dos Parlamentares", "assunto": "Frequ\u00eancia - 2\u00aa Sess\u00e3o Ordin\u00e1ria - Mar\u00e7o 2023"}, {"id": "45", "ano": "2023", "numero": "6", "tipo__sigla": "PP", "tipo__descricao": "Presen\u00e7a dos Parlamentares", "assunto": "Frequ\u00eancia - 3\u00aa Sess\u00e3o Ordin\u00e1ria - Mar\u00e7o 2023"}, {"id": "34", "ano": "2023", "numero": "7", "tipo__sigla": "PP", "tipo__descricao": "Presen\u00e7a dos Parlamentares", "assunto": "Frequ\u00eancia - 4\u00aa Sess\u00e3o Ordin\u00e1ria - Mar\u00e7o 2023"}, {"id": "35", "ano": "2023", "numero": "8", "tipo__sigla": "PP", "tipo__descricao": "Presen\u00e7a dos Parlamentares", "assunto": "Frequ\u00eancia - 5\u00aa Sess\u00e3o Ordin\u00e1ria - Mar\u00e7o 2023"}, {"id": "46", "ano": "2023", "numero": "9", "tipo__sigla": "PP", "tipo__descricao": "Presen\u00e7a dos Parlamentares", "assunto": "Frequ\u00eancia - 1\u00aa Sess\u00e3o Ordin\u00e1ria - Abril 2023"}, {"id": "50", "ano": "2023", "numero": "10", "tipo__sigla": "PP", "tipo__descricao": "Presen\u00e7a dos Parlamentares", "assunto": "Frequ\u00eancia - 2\u00aa Sess\u00e3o Ordin\u00e1ria - Abril 2023"}, {"id": "55", "ano": "2023", "numero": "11", "tipo__sigla": "PP", "tipo__descricao": "Presen\u00e7a dos Parlamentares", "assunto": "Frequ\u00eancia - 3\u00aa Sess\u00e3o Ordin\u00e1ria - Abril 2023"}, {"id": "56", "ano": "2023", "numero": "12", "tipo__sigla": "PP", "tipo__descricao": "Presen\u00e7a dos Parlamentares", "assunto": "Frequ\u00eancia - 4\u00aa Sess\u00e3o Ordin\u00e1ria - Abril 2023"}, {"id": "57", "ano": "2023", "numero": "13", "tipo__sigla": "PP", "tipo__descricao": "Presen\u00e7a dos Parlamentares", "assunto": "Frequ\u00eancia - 5\u00aa Sess\u00e3o Ordin\u00e1ria - Abril 2023"}, {"id": "66", "ano": "2023", "numero": "14", "tipo__sigla": "PP", "tipo__descricao": "Presen\u00e7a dos Parlamentares", "assunto": "Frequ\u00eancia - 1\u00aa Sess\u00e3o Ordin\u00e1ria - Maio 2023"}, {"id": "67", "ano": "2023", "numero": "15", "tipo__sigla": "PP", "tipo__descricao": "Presen\u00e7a dos Parlamentares", "assunto": "Frequ\u00eancia - 2\u00aa Sess\u00e3o Ordin\u00e1ria - Maio 2023"}, {"id": "68", "ano": "2023", "numero": "16", "tipo__sigla": "PP", "tipo__descricao": "Presen\u00e7a dos Parlamentares", "assunto": "Frequ\u00eancia - 3\u00aa Sess\u00e3o Ordin\u00e1ria - Maio 2023"}, {"id": "74", "ano": "2023", "numero": "17", "tipo__sigla": "PP", "tipo__descricao": "Presen\u00e7a dos Parlamentares", "assunto": "Frequ\u00eancia - 4\u00aa Sess\u00e3o Ordin\u00e1ria - Maio 2023"}, {"id": "75", "ano": "2023", "numero": "18", "tipo__sigla": "PP", "tipo__descricao": "Presen\u00e7a dos Parlamentares", "assunto": "Frequ\u00eancia - 5\u00aa Sess\u00e3o Ordin\u00e1ria - Maio 2023"}, {"id": "102", "ano": "2023", "numero": "19", "tipo__sigla": "PP", "tipo__descricao": "Presen\u00e7a dos Parlamentares", "assunto": "Frequ\u00eancia - 1\u00aa Sess\u00e3o Extraordin\u00e1ria - Maio 2023"}, {"id": "103", "ano": "2023", "numero": "20", "tipo__sigla": "PP", "tipo__descricao": "Presen\u00e7a dos Parlamentares", "assunto": "Frequ\u00eancia - 2\u00aa Sess\u00e3o Extraordin\u00e1ria - Maio 2023"}, {"id": "104", "ano": "2023", "numero": "21", "tipo__sigla": "PP", "tipo__descricao": "Presen\u00e7a dos Parlamentares", "assunto": "Frequ\u00eancia - 1\u00aa Sess\u00e3o Ordin\u00e1ria - Junho 2023"}, {"id": "105", "ano": "2023", "numero": "22", "tipo__sigla": "PP", "tipo__descricao": "Presen\u00e7a dos Parlamentares", "assunto": "Frequ\u00eancia - 2\u00aa Sess\u00e3o Ordin\u00e1ria - Junho 2023"}, {"id": "106", "ano": "2023", "numero": "23", "tipo__sigla": "PP", "tipo__descricao": "Presen\u00e7a dos Parlamentares", "assunto": "Frequ\u00eancia - 3\u00aa Sess\u00e3o Ordin\u00e1ria - Junho 2023"}, {"id": "107", "ano": "2023", "numero": "24", "tipo__sigla": "PP", "tipo__descricao": "Presen\u00e7a dos Parlamentares", "assunto": "Frequ\u00eancia - 4\u00aa Sess\u00e3o Ordin\u00e1ria - Junho 2023"}, {"id": "108", "ano": "2023", "numero": "25", "tipo__sigla": "PP", "tipo__descricao": "Presen\u00e7a dos Parlamentares", "assunto": "Frequ\u00eancia - 5\u00aa Sess\u00e3o Ordin\u00e1ria - Junho 2023"}, {"id": "124", "ano": "2023", "numero": "26", "tipo__sigla": "PP", "tipo__descricao": "Presen\u00e7a dos Parlamentares", "assunto": "Frequ\u00eancia - 1\u00aa Sess\u00e3o Extraordin\u00e1ria - Junho 2023"}, {"id": "125", "ano": "2023", "numero": "27", "tipo__sigla": "PP", "tipo__descricao": "Presen\u00e7a dos Parlamentares", "assunto": "Frequ\u00eancia - 2\u00aa Sess\u00e3o Extraordin\u00e1ria - Junho 2023"}, {"id": "128", "ano": "2023", "numero": "28", "tipo__sigla": "PP", "tipo__descricao": "Presen\u00e7a dos Parlamentares", "assunto": "Frequ\u00eancia - 1\u00aa Sess\u00e3o Ordin\u00e1ria - Agosto 2023"}, {"id": "129", "ano": "2023", "numero": "29", "tipo__sigla": "PP", "tipo__descricao": "Presen\u00e7a dos Parlamentares", "assunto": "Frequ\u00eancia - 2\u00aa Sess\u00e3o Ordin\u00e1ria - Agosto 2023"}, {"id": "130", "ano": "2023", "numero": "30", "tipo__sigla": "PP", "tipo__descricao": "Presen\u00e7a dos Parlamentares", "assunto": "Frequ\u00eancia - 3\u00aa Sess\u00e3o Ordin\u00e1ria - Agosto 2023"}, {"id": "136", "ano": "2023", "numero": "31", "tipo__sigla": "PP", "tipo__descricao": "Presen\u00e7a dos Parlamentares", "assunto": "Frequ\u00eancia - 1\u00aa Sess\u00e3o Extraordin\u00e1ria - Agosto 2023"}, {"id": "137", "ano": "2023", "numero": "32", "tipo__sigla": "PP", "tipo__descricao": "Presen\u00e7a dos Parlamentares", "assunto": "Frequ\u00eancia - 2\u00aa Sess\u00e3o Extraordin\u00e1ria - Agosto 2023"}, {"id": "143", "ano": "2023", "numero": "33", "tipo__sigla": "PP", "tipo__descricao": "Presen\u00e7a dos Parlamentares", "assunto": "Frequ\u00eancia - 1\u00aa Sess\u00e3o Ordin\u00e1ria - Setembro 2023"}, {"id": "144", "ano": "2023", "numero": "34", "tipo__sigla": "PP", "tipo__descricao": "Presen\u00e7a dos Parlamentares", "assunto": "Frequ\u00eancia - 2\u00aa Sess\u00e3o Ordin\u00e1ria - Setembro 2023"}, {"id": "145", "ano": "2023", "numero": "35", "tipo__sigla": "PP", "tipo__descricao": "Presen\u00e7a dos Parlamentares", "assunto": "Frequ\u00eancia - 3\u00aa Sess\u00e3o Ordin\u00e1ria - Setembro 2023"}, {"id": "146", "ano": "2023", "numero": "36", "tipo__sigla": "PP", "tipo__descricao": "Presen\u00e7a dos Parlamentares", "assunto": "Frequ\u00eancia - 4\u00aa Sess\u00e3o Ordin\u00e1ria - Setembro 2023"}, {"id": "147", "ano": "2023", "numero": "37", "tipo__sigla": "PP", "tipo__descricao": "Presen\u00e7a dos Parlamentares", "assunto": "Frequ\u00eancia - 5\u00aa Sess\u00e3o Ordin\u00e1ria - Setembro 2023"}, {"id": "165", "ano": "2023", "numero": "38", "tipo__sigla": "PP", "tipo__descricao": "Presen\u00e7a dos Parlamentares", "assunto": "Frequ\u00eancia - 1\u00aa Sess\u00e3o Ordin\u00e1ria - Outubro 2023"}, {"id": "166", "ano": "2023", "numero": "39", "tipo__sigla": "PP", "tipo__descricao": "Presen\u00e7a dos Parlamentares", "assunto": "Frequ\u00eancia - 2\u00aa Sess\u00e3o Ordin\u00e1ria - Outubro 2023"}, {"id": "167", "ano": "2023", "numero": "40", "tipo__sigla": "PP", "tipo__descricao": "Presen\u00e7a dos Parlamentares", "assunto": "Frequ\u00eancia - 3\u00aa Sess\u00e3o Ordin\u00e1ria - Outubro 2023"}, {"id": "168", "ano": "2023", "numero": "41", "tipo__sigla": "PP", "tipo__descricao": "Presen\u00e7a dos Parlamentares", "assunto": "Frequ\u00eancia - 4\u00aa Sess\u00e3o Ordin\u00e1ria - Outubro 2023"}, {"id": "169", "ano": "2023", "numero": "42", "tipo__sigla": "PP", "tipo__descricao": "Presen\u00e7a dos Parlamentares", "assunto": "Frequ\u00eancia - 5\u00aa Sess\u00e3o Ordin\u00e1ria - Outubro 2023"}, {"id": "202", "ano": "2023", "numero": "43", "tipo__sigla": "PP", "tipo__descricao": "Presen\u00e7a dos Parlamentares", "assunto": "Frequ\u00eancia - 1\u00aa Sess\u00e3o Extraordin\u00e1ria - Outubro 2023"}, {"id": "203", "ano": "2023", "numero": "44", "tipo__sigla": "PP", "tipo__descricao": "Presen\u00e7a dos Parlamentares", "assunto": "Frequ\u00eancia - 2\u00aa Sess\u00e3o Extraordin\u00e1ria - Outubro 2023"}, {"id": "204", "ano": "2023", "numero": "45", "tipo__sigla": "PP", "tipo__descricao": "Presen\u00e7a dos Parlamentares", "assunto": "Frequ\u00eancia - 1\u00aa Sess\u00e3o Ordin\u00e1ria - Novembro 2023"}, {"id": "205", "ano": "2023", "numero": "46", "tipo__sigla": "PP", "tipo__descricao": "Presen\u00e7a dos Parlamentares", "assunto": "Frequ\u00eancia - 2\u00aa Sess\u00e3o Ordin\u00e1ria - Novembro 2023"}, {"id": "206", "ano": "2023", "numero": "47", "tipo__sigla": "PP", "tipo__descricao": "Presen\u00e7a dos Parlamentares", "assunto": "Frequ\u00eancia - 3\u00aa Sess\u00e3o Ordin\u00e1ria - Novembro 2023"}, {"id": "207", "ano": "2023", "numero": "48", "tipo__sigla": "PP", "tipo__descricao": "Presen\u00e7a dos Parlamentares", "assunto": "Frequ\u00eancia - 4\u00aa Sess\u00e3o Ordin\u00e1ria - Novembro 2023"}, {"id": "208", "ano": "2023", "numero": "49", "tipo__sigla": "PP", "tipo__descricao": "Presen\u00e7a dos Parlamentares", "assunto": "Frequ\u00eancia - 5\u00aa Sess\u00e3o Ordin\u00e1ria - Novembro 2023"}, {"id": "241", "ano": "2024", "numero": "1", "tipo__sigla": "PP", "tipo__descricao": "Presen\u00e7a dos Parlamentares", "assunto": "Frequ\u00eancia - 1\u00aa Sess\u00e3o Ordin\u00e1ria - Fevereiro 2024"}, {"id": "242", "ano": "2024", "numero": "2", "tipo__sigla": "PP", "tipo__descricao": "Presen\u00e7a dos Parlamentares", "assunto": "Frequ\u00eancia - 2\u00aa Sess\u00e3o Ordin\u00e1ria - Fevereiro 2024"}, {"id": "243", "ano": "2024", "numero": "3", "tipo__sigla": "PP", "tipo__descricao": "Presen\u00e7a dos Parlamentares", "assunto": "Frequ\u00eancia - 3\u00aa Sess\u00e3o Ordin\u00e1ria - Fevereiro 2024"}, {"id": "255", "ano": "2024", "numero": "4", "tipo__sigla": "PP", "tipo__descricao": "Presen\u00e7a dos Parlamentares", "assunto": "Frequ\u00eancia - 1\u00aa Sess\u00e3o Ordin\u00e1ria - Mar\u00e7o 2024"}, {"id": "256", "ano": "2024", "numero": "5", "tipo__sigla": "PP", "tipo__descricao": "Presen\u00e7a dos Parlamentares", "assunto": "Frequ\u00eancia - 2\u00aa Sess\u00e3o Ordin\u00e1ria - Mar\u00e7o 2024"}, {"id": "257", "ano": "2024", "numero": "6", "tipo__sigla": "PP", "tipo__descricao": "Presen\u00e7a dos Parlamentares", "assunto": "Frequ\u00eancia - 3\u00aa Sess\u00e3o Ordin\u00e1ria - Mar\u00e7o 2024"}, {"id": "258", "ano": "2024", "numero": "7", "tipo__sigla": "PP", "tipo__descricao": "Presen\u00e7a dos Parlamentares", "assunto": "Frequ\u00eancia - 4\u00aa Sess\u00e3o Ordin\u00e1ria - Mar\u00e7o 2024"}, {"id": "259", "ano": "2024", "numero": "8", "tipo__sigla": "PP", "tipo__descricao": "Presen\u00e7a dos Parlamentares", "assunto": "Frequ\u00eancia - 5\u00aa Sess\u00e3o Ordin\u00e1ria - Mar\u00e7o 2024"}, {"id": "282", "ano": "2024", "numero": "9", "tipo__sigla": "PP", "tipo__descricao": "Presen\u00e7a dos Parlamentares", "assunto": "Frequ\u00eancia - 1\u00aa Sess\u00e3o Ordin\u00e1ria - Abril 2024"}, {"id": "283", "ano": "2024", "numero": "10", "tipo__sigla": "PP", "tipo__descricao": "Presen\u00e7a dos Parlamentares", "assunto": "Frequ\u00eancia - 2\u00aa Sess\u00e3o Ordin\u00e1ria - Abril 2024"}, {"id": "284", "ano": "2024", "numero": "11", "tipo__sigla": "PP", "tipo__descricao": "Presen\u00e7a dos Parlamentares", "assunto": "Frequ\u00eancia - 3\u00aa Sess\u00e3o Ordin\u00e1ria - Abril 2024"}, {"id": "285", "ano": "2024", "numero": "12", "tipo__sigla": "PP", "tipo__descricao": "Presen\u00e7a dos Parlamentares", "assunto": "Frequ\u00eancia - 4\u00aa Sess\u00e3o Ordin\u00e1ria - Abril 2024"}, {"id": "286", "ano": "2024", "numero": "13", "tipo__sigla": "PP", "tipo__descricao": "Presen\u00e7a dos Parlamentares", "assunto": "Frequ\u00eancia - 5\u00aa Sess\u00e3o Ordin\u00e1ria - Abril 2024"}, {"id": "302", "ano": "2024", "numero": "14", "tipo__sigla": "PP", "tipo__descricao": "Presen\u00e7a dos Parlamentares", "assunto": "Frequ\u00eancia - 1\u00aa Sess\u00e3o Ordin\u00e1ria - Maio 2024"}, {"id": "303", "ano": "2024", "numero": "15", "tipo__sigla": "PP", "tipo__descricao": "Presen\u00e7a dos Parlamentares", "assunto": "Frequ\u00eancia - 2\u00aa Sess\u00e3o Ordin\u00e1ria - Maio 2024"}, {"id": "304", "ano": "2024", "numero": "16", "tipo__sigla": "PP", "tipo__descricao": "Presen\u00e7a dos Parlamentares", "assunto": "Frequ\u00eancia - 3\u00aa Sess\u00e3o Ordin\u00e1ria - Maio 2024"}, {"id": "305", "ano": "2024", "numero": "17", "tipo__sigla": "PP", "tipo__descricao": "Presen\u00e7a dos Parlamentares", "assunto": "Frequ\u00eancia - 4\u00aa Sess\u00e3o Ordin\u00e1ria - Maio 2024"}, {"id": "306", "ano": "2024", "numero": "18", "tipo__sigla": "PP", "tipo__descricao": "Presen\u00e7a dos Parlamentares", "assunto": "Frequ\u00eancia - 5\u00aa Sess\u00e3o Ordin\u00e1ria - Maio 2024"}, {"id": "322", "ano": "2024", "numero": "19", "tipo__sigla": "PP", "tipo__descricao": "Presen\u00e7a dos Parlamentares", "assunto": "Frequ\u00eancia - 1\u00aa Sess\u00e3o Ordin\u00e1ria - Junho 2024"}, {"id": "323", "ano": "2024", "numero": "20", "tipo__sigla": "PP", "tipo__descricao": "Presen\u00e7a dos Parlamentares", "assunto": "Frequ\u00eancia - 2\u00aa Sess\u00e3o Ordin\u00e1ria - Junho 2024"}, {"id": "324", "ano": "2024", "numero": "21", "tipo__sigla": "PP", "tipo__descricao": "Presen\u00e7a dos Parlamentares", "assunto": "Frequ\u00eancia - 3\u00aa Sess\u00e3o Ordin\u00e1ria - Junho 2024"}, {"id": "325", "ano": "2024", "numero": "22", "tipo__sigla": "PP", "tipo__descricao": "Presen\u00e7a dos Parlamentares", "assunto": "Frequ\u00eancia - 4\u00aa Sess\u00e3o Ordin\u00e1ria - Junho 2024"}, {"id": "345", "ano": "2024", "numero": "23", "tipo__sigla": "PP", "tipo__descricao": "Presen\u00e7a dos Parlamentares", "assunto": "Frequ\u00eancia - 5\u00aa Sess\u00e3o Ordin\u00e1ria - Junho 2024"}, {"id": "339", "ano": "2024", "numero": "24", "tipo__sigla": "PP", "tipo__descricao": "Presen\u00e7a dos Parlamentares", "assunto": "Frequ\u00eancia - 1\u00aa Sess\u00e3o Ordin\u00e1ria - Agosto 2024"}, {"id": "340", "ano": "2024", "numero": "25", "tipo__sigla": "PP", "tipo__descricao": "Presen\u00e7a dos Parlamentares", "assunto": "Frequ\u00eancia - 2\u00aa Sess\u00e3o Ordin\u00e1ria - Agosto 2024"}, {"id": "341", "ano": "2024", "numero": "26", "tipo__sigla": "PP", "tipo__descricao": "Presen\u00e7a dos Parlamentares", "assunto": "Frequ\u00eancia - 3\u00aa Sess\u00e3o Ordin\u00e1ria - Agosto 2024"}, {"id": "350", "ano": "2024", "numero": "27", "tipo__sigla": "PP", "tipo__descricao": "Presen\u00e7a dos Parlamentares", "assunto": "Frequ\u00eancia - 1\u00aa Sess\u00e3o Ordin\u00e1ria - Setembro 2024"}, {"id": "351", "ano": "2024", "numero": "28", "tipo__sigla": "PP", "tipo__descricao": "Presen\u00e7a dos Parlamentares", "assunto": "Frequ\u00eancia - 2\u00aa Sess\u00e3o Ordin\u00e1ria - Setembro 2024"}, {"id": "352", "ano": "2024", "numero": "29", "tipo__sigla": "PP", "tipo__descricao": "Presen\u00e7a dos Parlamentares", "assunto": "Frequ\u00eancia - 3\u00aa Sess\u00e3o Ordin\u00e1ria - Setembro 2024"}, {"id": "353", "ano": "2024", "numero": "30", "tipo__sigla": "PP", "tipo__descricao": "Presen\u00e7a dos Parlamentares", "assunto": "Frequ\u00eancia - 4\u00aa Sess\u00e3o Ordin\u00e1ria - Setembro 2024"}, {"id": "354", "ano": "2024", "numero": "31", "tipo__sigla": "PP", "tipo__descricao": "Presen\u00e7a dos Parlamentares", "assunto": "Frequ\u00eancia - 5\u00aa Sess\u00e3o Ordin\u00e1ria - Setembro 2024"}, {"id": "379", "ano": "2024", "numero": "32", "tipo__sigla": "PP", "tipo__descricao": "Presen\u00e7a dos Parlamentares", "assunto": "Frequ\u00eancia - 1\u00aa Sess\u00e3o Ordin\u00e1ria - Outubro 2024"}, {"id": "380", "ano": "2024", "numero": "33", "tipo__sigla": "PP", "tipo__descricao": "Presen\u00e7a dos Parlamentares", "assunto": "Frequ\u00eancia - 2\u00aa Sess\u00e3o Ordin\u00e1ria - Outubro 2024"}, {"id": "381", "ano": "2024", "numero": "34", "tipo__sigla": "PP", "tipo__descricao": "Presen\u00e7a dos Parlamentares", "assunto": "Frequ\u00eancia - 3\u00aa Sess\u00e3o Ordin\u00e1ria - Outubro 2024"}, {"id": "382", "ano": "2024", "numero": "35", "tipo__sigla": "PP", "tipo__descricao": "Presen\u00e7a dos Parlamentares", "assunto": "Frequ\u00eancia - 4\u00aa Sess\u00e3o Ordin\u00e1ria - Outubro 2024"}, {"id": "383", "ano": "2024", "numero": "36", "tipo__sigla": "PP", "tipo__descricao": "Presen\u00e7a dos Parlamentares", "assunto": "Frequ\u00eancia - 5\u00aa Sess\u00e3o Ordin\u00e1ria - Outubro 2024"}, {"id": "393", "ano": "2024", "numero": "37", "tipo__sigla": "PP", "tipo__descricao": "Presen\u00e7a dos Parlamentares", "assunto": "Frequ\u00eancia - 1\u00aa Sess\u00e3o Ordin\u00e1ria - Novembro 2024"}, {"id": "394", "ano": "2024", "numero": "38", "tipo__sigla": "PP", "tipo__descricao": "Presen\u00e7a dos Parlamentares", "assunto": "Frequ\u00eancia - 2\u00aa Sess\u00e3o Ordin\u00e1ria - Novembro 2024"}, {"id": "395", "ano": "2024", "numero": "39", "tipo__sigla": "PP", "tipo__descricao": "Presen\u00e7a dos Parlamentares", "assunto": "Frequ\u00eancia - 3\u00aa Sess\u00e3o Ordin\u00e1ria - Novembro 2024"}, {"id": "396", "ano": "2024", "numero": "40", "tipo__sigla": "PP", "tipo__descricao": "Presen\u00e7a dos Parlamentares", "assunto": "Frequ\u00eancia - 4\u00aa Sess\u00e3o Ordin\u00e1ria - Novembro 2024"}, {"id": "397", "ano": "2024", "numero": "41", "tipo__sigla": "PP", "tipo__descricao": "Presen\u00e7a dos Parlamentares", "assunto": "Frequ\u00eancia - 5\u00aa Sess\u00e3o Ordin\u00e1ria - Novembro 2024"}, {"id": "420", "ano": "2024", "numero": "42", "tipo__sigla": "PP", "tipo__descricao": "Presen\u00e7a dos Parlamentares", "assunto": "Frequ\u00eancia - 1\u00aa Sess\u00e3o Ordin\u00e1ria - Dezembro 2024"}, {"id": "421", "ano": "2024", "numero": "43", "tipo__sigla": "PP", "tipo__descricao": "Presen\u00e7a dos Parlamentares", "assunto": "Frequ\u00eancia - 2\u00aa Sess\u00e3o Ordin\u00e1ria - Dezembro 2024"}, {"id": "422", "ano": "2024", "numero": "44", "tipo__sigla": "PP", "tipo__descricao": "Presen\u00e7a dos Parlamentares", "assunto": "Frequ\u00eancia - 3\u00aa Sess\u00e3o Ordin\u00e1ria - Dezembro 2024"}, {"id": "491", "ano": "2025", "numero": "1", "tipo__sigla": "PP", "tipo__descricao": "Presen\u00e7a dos Parlamentares", "assunto": "Frequ\u00eancia - 1\u00aa Sess\u00e3o Ordin\u00e1ria - Fevereiro 2025."}, {"id": "492", "ano": "2025", "numero": "2", "tipo__sigla": "PP", "tipo__descricao": "Presen\u00e7a dos Parlamentares", "assunto": "Frequ\u00eancia - 2\u00aa Sess\u00e3o Ordin\u00e1ria - Fevereiro 2025."}, {"id": "493", "ano": "2025", "numero": "3", "tipo__sigla": "PP", "tipo__descricao": "Presen\u00e7a dos Parlamentares", "assunto": "Frequ\u00eancia - 3\u00aa Sess\u00e3o Ordin\u00e1ria - Fevereiro 2025."}, {"id": "516", "ano": "2025", "numero": "4", "tipo__sigla": "PP", "tipo__descricao": "Presen\u00e7a dos Parlamentares", "assunto": "Frequ\u00eancia - 1\u00aa Sess\u00e3o Ordin\u00e1ria - Mar\u00e7o 2025."}, {"id": "517", "ano": "2025", "numero": "5", "tipo__sigla": "PP", "tipo__descricao": "Presen\u00e7a dos Parlamentares", "assunto": "Frequ\u00eancia - 2\u00aa Sess\u00e3o Ordin\u00e1ria - Mar\u00e7o 2025."}, {"id": "518", "ano": "2025", "numero": "6", "tipo__sigla": "PP", "tipo__descricao": "Presen\u00e7a dos Parlamentares", "assunto": "Frequ\u00eancia - 3\u00aa Sess\u00e3o Ordin\u00e1ria - Mar\u00e7o 2025."}, {"id": "519", "ano": "2025", "numero": "7", "tipo__sigla": "PP", "tipo__descricao": "Presen\u00e7a dos Parlamentares", "assunto": "Frequ\u00eancia - 4\u00aa Sess\u00e3o Ordin\u00e1ria - Mar\u00e7o 2025."}, {"id": "520", "ano": "2025", "numero": "8", "tipo__sigla": "PP", "tipo__descricao": "Presen\u00e7a dos Parlamentares", "assunto": "Frequ\u00eancia - 5\u00aa Sess\u00e3o Ordin\u00e1ria - Mar\u00e7o 2025."}, {"id": "534", "ano": "2025", "numero": "9", "tipo__sigla": "PP", "tipo__descricao": "Presen\u00e7a dos Parlamentares", "assunto": "Frequ\u00eancia - 1\u00aa Sess\u00e3o Extraordin\u00e1ria - Mar\u00e7o 2025."}, {"id": "535", "ano": "2025", "numero": "10", "tipo__sigla": "PP", "tipo__descricao": "Presen\u00e7a dos Parlamentares", "assunto": "Frequ\u00eancia - 2\u00aa Sess\u00e3o Extraordin\u00e1ria - Mar\u00e7o 2025."}, {"id": "540", "ano": "2025", "numero": "11", "tipo__sigla": "PP", "tipo__descricao": "Presen\u00e7a dos Parlamentares", "assunto": "Frequ\u00eancia - 1\u00aa Sess\u00e3o Ordin\u00e1ria - Abril 2025."}, {"id": "541", "ano": "2025", "numero": "12", "tipo__sigla": "PP", "tipo__descricao": "Presen\u00e7a dos Parlamentares", "assunto": "Frequ\u00eancia - 2\u00aa Sess\u00e3o Ordin\u00e1ria - Abril 2025."}, {"id": "542", "ano": "2025", "numero": "13", "tipo__sigla": "PP", "tipo__descricao": "Presen\u00e7a dos Parlamentares", "assunto": "Frequ\u00eancia - 3\u00aa Sess\u00e3o Ordin\u00e1ria - Abril 2025."}, {"id": "543", "ano": "2025", "numero": "14", "tipo__sigla": "PP", "tipo__descricao": "Presen\u00e7a dos Parlamentares", "assunto": "Frequ\u00eancia - 4\u00aa Sess\u00e3o Ordin\u00e1ria - Abril 2025."}, {"id": "544", "ano": "2025", "numero": "15", "tipo__sigla": "PP", "tipo__descricao": "Presen\u00e7a dos Parlamentares", "assunto": "Frequ\u00eancia - 5\u00aa Sess\u00e3o Ordin\u00e1ria - Abril 2025."}, {"id": "568", "ano": "2025", "numero": "16", "tipo__sigla": "PP", "tipo__descricao": "Presen\u00e7a dos Parlamentares", "assunto": "Frequ\u00eancia - 1\u00aa Sess\u00e3o Ordin\u00e1ria - Maio 2025."}, {"id": "569", "ano": "2025", "numero": "17", "tipo__sigla": "PP", "tipo__descricao": "Presen\u00e7a dos Parlamentares", "assunto": "Frequ\u00eancia - 2\u00aa Sess\u00e3o Ordin\u00e1ria - Maio 2025."}, {"id": "570", "ano": "2025", "numero": "18", "tipo__sigla": "PP", "tipo__descricao": "Presen\u00e7a dos Parlamentares", "assunto": "Frequ\u00eancia - 3\u00aa Sess\u00e3o Ordin\u00e1ria - Maio 2025."}, {"id": "571", "ano": "2025", "numero": "19", "tipo__sigla": "PP", "tipo__descricao": "Presen\u00e7a dos Parlamentares", "assunto": "Frequ\u00eancia - 4\u00aa Sess\u00e3o Ordin\u00e1ria - Maio 2025."}, {"id": "572", "ano": "2025", "numero": "20", "tipo__sigla": "PP", "tipo__descricao": "Presen\u00e7a dos Parlamentares", "assunto": "Frequ\u00eancia - 5\u00aa Sess\u00e3o Ordin\u00e1ria - Maio 2025."}, {"id": "603", "ano": "2025", "numero": "21", "tipo__sigla": "PP", "tipo__descricao": "Presen\u00e7a dos Parlamentares", "assunto": "Frequ\u00eancia - 1\u00aa Sess\u00e3o Ordin\u00e1ria - Junho 2025."}, {"id": "604", "ano": "2025", "numero": "22", "tipo__sigla": "PP", "tipo__descricao": "Presen\u00e7a dos Parlamentares", "assunto": "Frequ\u00eancia - 2\u00aa Sess\u00e3o Ordin\u00e1ria - Junho 2025."}, {"id": "605", "ano": "2025", "numero": "23", "tipo__sigla": "PP", "tipo__descricao": "Presen\u00e7a dos Parlamentares", "assunto": "Frequ\u00eancia - 3\u00aa Sess\u00e3o Ordin\u00e1ria - Junho 2025."}, {"id": "606", "ano": "2025", "numero": "24", "tipo__sigla": "PP", "tipo__descricao": "Presen\u00e7a dos Parlamentares", "assunto": "Frequ\u00eancia - 4\u00aa Sess\u00e3o Ordin\u00e1ria - Junho 2025."}, {"id": "607", "ano": "2025", "numero": "25", "tipo__sigla": "PP", "tipo__descricao": "Presen\u00e7a dos Parlamentares", "assunto": "Frequ\u00eancia - 5\u00aa Sess\u00e3o Ordin\u00e1ria - Junho 2025."}, {"id": "635", "ano": "2025", "numero": "26", "tipo__sigla": "PP", "tipo__descricao": "Presen\u00e7a dos Parlamentares", "assunto": "Lista de Presen\u00e7a - 1\u00aa Sess\u00e3o Ordin\u00e1ria - Agosto 2025."}, {"id": "636", "ano": "2025", "numero": "27", "tipo__sigla": "PP", "tipo__descricao": "Presen\u00e7a dos Parlamentares", "assunto": "Lista de Presen\u00e7a - 2\u00aa Sess\u00e3o Ordin\u00e1ria - Agosto 2025."}, {"id": "637", "ano": "2025", "numero": "28", "tipo__sigla": "PP", "tipo__descricao": "Presen\u00e7a dos Parlamentares", "assunto": "Lista de Presen\u00e7a - 3\u00aa Sess\u00e3o Ordin\u00e1ria - Agosto 2025."}, {"id": "662", "ano": "2025", "numero": "29", "tipo__sigla": "PP", "tipo__descricao": "Presen\u00e7a dos Parlamentares", "assunto": "Lista de Presen\u00e7a - 1\u00aa Sess\u00e3o Ordin\u00e1ria - Setembro 2025."}, {"id": "663", "ano": "2025", "numero": "30", "tipo__sigla": "PP", "tipo__descricao": "Presen\u00e7a dos Parlamentares", "assunto": "Lista de Presen\u00e7a - 2\u00aa Sess\u00e3o Ordin\u00e1ria - Setembro 2025."}, {"id": "664", "ano": "2025", "numero": "31", "tipo__sigla": "PP", "tipo__descricao": "Presen\u00e7a dos Parlamentares", "assunto": "Lista de Presen\u00e7a - 3\u00aa Sess\u00e3o Ordin\u00e1ria - Setembro 2025."}, {"id": "665", "ano": "2025", "numero": "32", "tipo__sigla": "PP", "tipo__descricao": "Presen\u00e7a dos Parlamentares", "assunto": "Lista de Presen\u00e7a - 4\u00aa Sess\u00e3o Ordin\u00e1ria - Setembro 2025."}, {"id": "681", "ano": "2025", "numero": "33", "tipo__sigla": "PP", "tipo__descricao": "Presen\u00e7a dos Parlamentares", "assunto": "Lista de Presen\u00e7a - 5\u00aa Sess\u00e3o Ordin\u00e1ria - Setembro 2025."}, {"id": "682", "ano": "2025", "numero": "34", "tipo__sigla": "PP", "tipo__descricao": "Presen\u00e7a dos Parlamentares", "assunto": "Lista de Presen\u00e7a - 1\u00aa Sess\u00e3o Ordin\u00e1ria - Outubro 2025."}, {"id": "683", "ano": "2025", "numero": "35", "tipo__sigla": "PP", "tipo__descricao": "Presen\u00e7a dos Parlamentares", "assunto": "Lista de Presen\u00e7a - 2\u00aa Sess\u00e3o Ordin\u00e1ria - Outubro 2025."}, {"id": "684", "ano": "2025", "numero": "36", "tipo__sigla": "PP", "tipo__descricao": "Presen\u00e7a dos Parlamentares", "assunto": "Lista de Presen\u00e7a - 3\u00aa Sess\u00e3o Ordin\u00e1ria - Outubro 2025."}, {"id": "685", "ano": "2025", "numero": "37", "tipo__sigla": "PP", "tipo__descricao": "Presen\u00e7a dos Parlamentares", "assunto": "Lista de Presen\u00e7a - 4\u00aa Sess\u00e3o Ordin\u00e1ria - Outubro 2025."}, {"id": "686", "ano": "2025", "numero": "38", "tipo__sigla": "PP", "tipo__descricao": "Presen\u00e7a dos Parlamentares", "assunto": "Lista de Presen\u00e7a - 5\u00aa Sess\u00e3o Ordin\u00e1ria - Outubro 2025."}, {"id": "700", "ano": "2025", "numero": "39", "tipo__sigla": "PP", "tipo__descricao": "Presen\u00e7a dos Parlamentares", "assunto": "Lista de Presen\u00e7a - 1\u00aa Sess\u00e3o Ordin\u00e1ria - Novembro 2025."}, {"id": "702", "ano": "2025", "numero": "40", "tipo__sigla": "PP", "tipo__descricao": "Presen\u00e7a dos Parlamentares", "assunto": "Lista de Presen\u00e7a - 2\u00aa Sess\u00e3o Ordin\u00e1ria - Novembro 2025."}, {"id": "705", "ano": "2025", "numero": "41", "tipo__sigla": "PP", "tipo__descricao": "Presen\u00e7a dos Parlamentares", "assunto": "Lista de Presen\u00e7a - 3\u00aa Sess\u00e3o Ordin\u00e1ria - Novembro 2025."}, {"id": "707", "ano": "2025", "numero": "42", "tipo__sigla": "PP", "tipo__descricao": "Presen\u00e7a dos Parlamentares", "assunto": "Lista de Presen\u00e7a - 4\u00aa Sess\u00e3o Ordin\u00e1ria - Novembro 2025."}, {"id": "709", "ano": "2025", "numero": "43", "tipo__sigla": "PP", "tipo__descricao": "Presen\u00e7a dos Parlamentares", "assunto": "Lista de Presen\u00e7a - 5\u00aa Sess\u00e3o Ordin\u00e1ria - Novembro 2025."}, {"id": "710", "ano": "2025", "numero": "44", "tipo__sigla": "PP", "tipo__descricao": "Presen\u00e7a dos Parlamentares", "assunto": "Lista de Presen\u00e7a - 1\u00aa Sess\u00e3o Extraordin\u00e1ria - Novembro 2025."}, {"id": "725", "ano": "2025", "numero": "45", "tipo__sigla": "PP", "tipo__descricao": "Presen\u00e7a dos Parlamentares", "assunto": "Lista de Presen\u00e7a - 1\u00aa Sess\u00e3o Ordin\u00e1ria - Dezembro 2025."}, {"id": "726", "ano": "2025", "numero": "46", "tipo__sigla": "PP", "tipo__descricao": "Presen\u00e7a dos Parlamentares", "assunto": "Lista de Presen\u00e7a - 2\u00aa Sess\u00e3o Ordin\u00e1ria - Dezembro 2025."}, {"id": "727", "ano": "2025", "numero": "47", "tipo__sigla": "PP", "tipo__descricao": "Presen\u00e7a dos Parlamentares", "assunto": "Lista de Presen\u00e7a - 3\u00aa Sess\u00e3o Ordin\u00e1ria - Dezembro 2025."}, {"id": "766", "ano": "2026", "numero": "1", "tipo__sigla": "PP", "tipo__descricao": "Presen\u00e7a dos Parlamentares", "assunto": "Lista de Presen\u00e7a da Sess\u00e3o Ordin\u00e1ria do dia 02/02/2026."}, {"id": "767", "ano": "2026", "numero": "2", "tipo__sigla": "PP", "tipo__descricao": "Presen\u00e7a dos Parlamentares", "assunto": "Lista de Presen\u00e7a da Sess\u00e3o Ordin\u00e1ria do dia 03/02/2026."}, {"id": "768", "ano": "2026", "numero": "3", "tipo__sigla": "PP", "tipo__descricao": "Presen\u00e7a dos Parlamentares", "assunto": "Lista de Presen\u00e7a da Sess\u00e3o Ordin\u00e1ria do dia 04/02/2026."}, {"id": "792", "ano": "2026", "numero": "4", "tipo__sigla": "PP", "tipo__descricao": "Presen\u00e7a dos Parlamentares", "assunto": "Lista de Presen\u00e7a da Sess\u00e3o Extraordin\u00e1ria do dia 06/02/2026."}, {"id": "798", "ano": "2026", "numero": "5", "tipo__sigla": "PP", "tipo__descricao": "Presen\u00e7a dos Parlamentares", "assunto": "Lista de Presen\u00e7a da Sess\u00e3o Ordin\u00e1ria do dia 02/03/2026."}, {"id": "799", "ano": "2026", "numero": "6", "tipo__sigla": "PP", "tipo__descricao": "Presen\u00e7a dos Parlamentares", "assunto": "Lista de Presen\u00e7a da Sess\u00e3o Ordin\u00e1ria do dia 03/03/2026."}, {"id": "800", "ano": "2026", "numero": "7", "tipo__sigla": "PP", "tipo__descricao": "Presen\u00e7a dos Parlamentares", "assunto": "Lista de Presen\u00e7a da Sess\u00e3o Ordin\u00e1ria do dia 04/03/2026."}, {"id": "801", "ano": "2026", "numero": "8", "tipo__sigla": "PP", "tipo__descricao": "Presen\u00e7a dos Parlamentares", "assunto": "Lista de Presen\u00e7a da Sess\u00e3o Ordin\u00e1ria do dia 05/03/2026."}, {"id": "802", "ano": "2026", "numero": "9", "tipo__sigla": "PP", "tipo__descricao": "Presen\u00e7a dos Parlamentares", "assunto": "Lista de Presen\u00e7a da Sess\u00e3o Ordin\u00e1ria do dia 06/03/2026."}, {"id": "831", "ano": "2026", "numero": "10", "tipo__sigla": "PP", "tipo__descricao": "Presen\u00e7a dos Parlamentares", "assunto": "Lista de Presen\u00e7a da Sess\u00e3o Ordin\u00e1ria do dia 06/04/2026."}, {"id": "832", "ano": "2026", "numero": "11", "tipo__sigla": "PP", "tipo__descricao": "Presen\u00e7a dos Parlamentares", "assunto": "Lista de Presen\u00e7a da Sess\u00e3o Ordin\u00e1ria do dia 07/04/2026."}, {"id": "833", "ano": "2026", "numero": "12", "tipo__sigla": "PP", "tipo__descricao": "Presen\u00e7a dos Parlamentares", "assunto": "Lista de Presen\u00e7a da Sess\u00e3o Ordin\u00e1ria do dia 08/04/2026."}, {"id": "834", "ano": "2026", "numero": "13", "tipo__sigla": "PP", "tipo__descricao": "Presen\u00e7a dos Parlamentares", "assunto": "Lista de Presen\u00e7a da Sess\u00e3o Ordin\u00e1ria do dia 09/04/2026."}, {"id": "835", "ano": "2026", "numero": "14", "tipo__sigla": "PP", "tipo__descricao": "Presen\u00e7a dos Parlamentares", "assunto": "Lista de Presen\u00e7a da Sess\u00e3o Ordin\u00e1ria do dia 10/04/2026."}]}