{"id":31,"__str__":"Requerimento n\u00ba 2 de 2016","link_detail_backend":"/materia/31","metadata":{},"numero":2,"ano":2016,"numero_protocolo":null,"data_apresentacao":"2016-02-04","tipo_apresentacao":"E","data_publicacao":null,"numero_origem_externa":"","ano_origem_externa":null,"data_origem_externa":null,"apelido":"","dias_prazo":null,"data_fim_prazo":null,"em_tramitacao":false,"polemica":false,"objeto":"","complementar":false,"ementa":"QUE A PREFEITURA MUNICIPAL, ATRAV\u00c9S DA SECRETARIA DE SA\u00daDE, EXPE\u00c7A UMA LISTA CONTENDO OS NOMES E CARGOS DOS PROFISSIONAIS DA SA\u00daDE QUE PRESTAM SERVI\u00c7OS NAS UNIDADES B\u00c1SICAS DE SA\u00daDE; BEM COMO AQUELES QUE PRESTAM SERVI\u00c7OS EM REGIME DE PLANT\u00c3O EM NOSSO MUNIC\u00cdPIO, DURANTE CADA M\u00caS DO ANO DE 2016, TORNANDO-A P\u00daBLICA, AFIXANDO-A NAS REFERIDAS UNIDADES B\u00c1SICAS, PARA CONHECIMENTO DE TODOS, COM NO M\u00cdNIMO DEZ DIAS DE ANTECED\u00caNCIA A CADA M\u00caS.","indexacao":"","observacao":"","resultado":"","texto_original":"http://sapl.aliancadotocantins.to.leg.br/media/sapl/public/materialegislativa/2016/31/31_texto_integral.pdf","data_ultima_atualizacao":"2018-09-27T11:31:19.537039-03:00","ip":"","ultima_edicao":null,"tipo":3,"regime_tramitacao":1,"tipo_origem_externa":null,"local_origem_externa":null,"user":null,"anexadas":[],"autores":[14]}